{"id":35404,"date":"2026-08-31T11:11:14","date_gmt":"2026-08-31T09:11:14","guid":{"rendered":"https:\/\/solamiklavz.splet.arnes.si\/?p=35404"},"modified":"2026-08-31T11:11:14","modified_gmt":"2026-08-31T09:11:14","slug":"poslanica-ministra-za-izobrazevanje-znanost-in-mladino-ob-zacetku-solskega-leta-2026-2027","status":"publish","type":"post","link":"https:\/\/solamiklavz.splet.arnes.si\/?p=35404","title":{"rendered":"Poslanica ministra za izobra\u017eevanje, znanost in mladino ob za\u010detku \u0161olskega leta 2026\/2027"},"content":{"rendered":"<p>Poslanica na povezavi: <a href=\"https:\/\/www.gov.si\/novice\/2026-08-31-poslanica-ministra-za-izobrazevanje-znanost-in-mladino-ob-zacetku-solskega-leta-20262027\/\">https:\/\/www.gov.si\/novice\/2026-08-31-poslanica-ministra-za-izobrazevanje-znanost-in-mladino-ob-zacetku-solskega-leta-20262027\/<\/a><\/p>\n<p>&nbsp;<\/p>\n<p>&nbsp;<\/p>\n<p>&nbsp;<\/p>\n","protected":false},"excerpt":{"rendered":"<p>Poslanica na povezavi: https:\/\/www.gov.si\/novice\/2026-08-31-poslanica-ministra-za-izobrazevanje-znanost-in-mladino-ob-zacetku-solskega-leta-20262027\/ &nbsp; &nbsp; &nbsp;<\/p>\n","protected":false},"author":4923,"featured_media":0,"comment_status":"closed","ping_status":"open","sticky":false,"template":"","format":"standard","meta":{"ngg_post_thumbnail":0,"footnotes":""},"categories":[15],"tags":[],"class_list":["post-35404","post","type-post","status-publish","format-standard","hentry","category-obvestila"],"publishpress_future_action":{"enabled":false,"date":"2026-09-07 19:02:08","action":"change-status","newStatus":"trash","terms":[],"taxonomy":"category","extraData":[]},"publishpress_future_workflow_manual_trigger":{"enabledWorkflows":[]},"_links":{"self":[{"href":"https:\/\/solamiklavz.splet.arnes.si\/index.php?rest_route=\/wp\/v2\/posts\/35404","targetHints":{"allow":["GET"]}}],"collection":[{"href":"https:\/\/solamiklavz.splet.arnes.si\/index.php?rest_route=\/wp\/v2\/posts"}],"about":[{"href":"https:\/\/solamiklavz.splet.arnes.si\/index.php?rest_route=\/wp\/v2\/types\/post"}],"author":[{"embeddable":true,"href":"https:\/\/solamiklavz.splet.arnes.si\/index.php?rest_route=\/wp\/v2\/users\/4923"}],"replies":[{"embeddable":true,"href":"https:\/\/solamiklavz.splet.arnes.si\/index.php?rest_route=%2Fwp%2Fv2%2Fcomments&post=35404"}],"version-history":[{"count":2,"href":"https:\/\/solamiklavz.splet.arnes.si\/index.php?rest_route=\/wp\/v2\/posts\/35404\/revisions"}],"predecessor-version":[{"id":35406,"href":"https:\/\/solamiklavz.splet.arnes.si\/index.php?rest_route=\/wp\/v2\/posts\/35404\/revisions\/35406"}],"wp:attachment":[{"href":"https:\/\/solamiklavz.splet.arnes.si\/index.php?rest_route=%2Fwp%2Fv2%2Fmedia&parent=35404"}],"wp:term":[{"taxonomy":"category","embeddable":true,"href":"https:\/\/solamiklavz.splet.arnes.si\/index.php?rest_route=%2Fwp%2Fv2%2Fcategories&post=35404"},{"taxonomy":"post_tag","embeddable":true,"href":"https:\/\/solamiklavz.splet.arnes.si\/index.php?rest_route=%2Fwp%2Fv2%2Ftags&post=35404"}],"curies":[{"name":"wp","href":"https:\/\/api.w.org\/{rel}","templated":true}]}}