{"id":33594,"date":"2026-03-16T16:51:57","date_gmt":"2026-03-16T15:51:57","guid":{"rendered":"https:\/\/solamiklavz.splet.arnes.si\/?p=33594"},"modified":"2026-03-16T16:51:57","modified_gmt":"2026-03-16T15:51:57","slug":"sestosolec-ziga-irsic-je-postal-drzavni-prvak-v-alpskem-smucanju","status":"publish","type":"post","link":"https:\/\/solamiklavz.splet.arnes.si\/?p=33594","title":{"rendered":"\u0160esto\u0161olec \u017diga Ir\u0161i\u010d je postal dr\u017eavni prvak v alpskem smu\u010danju!"},"content":{"rendered":"<p>V soboto, 14. 3. 2026 je u\u010denec \u017diga Ir\u0161i\u010d (6. d) tekmoval na regijskem tekmovanju v veleslalomu na Kopah in zasedel 3. mesto.<br \/>\nDan kasneje, v nedeljo, 15. 3. 2026 pa je na Kopah potekalo dr\u017eavno tekmovanje, kjer je \u017diga osvojil 1. mesto in si prismu\u010dal naslov dr\u017eavnega prvaka.<\/p>\n<p>\u017diga po\u010dasi zaklju\u010duje z uspe\u0161no smu\u010darsko sezono. \u010cakata ga \u0161e dve tekmi v super-veleslalomu in dr\u017eavno prvenstvo iz ocenjevanja tehnike.<\/p>\n<p>Iskrene \u010destitke!!<\/p>\n<p><img loading=\"lazy\" decoding=\"async\" class=\"wp-image-33595 aligncenter\" src=\"https:\/\/solamiklavz.splet.arnes.si\/files\/2026\/03\/Screenshot_20260316_063518_Gallery-1--262x300.jpg\" alt=\"\" width=\"439\" height=\"503\" srcset=\"https:\/\/solamiklavz.splet.arnes.si\/files\/2026\/03\/Screenshot_20260316_063518_Gallery-1--262x300.jpg 262w, https:\/\/solamiklavz.splet.arnes.si\/files\/2026\/03\/Screenshot_20260316_063518_Gallery-1--768x879.jpg 768w, https:\/\/solamiklavz.splet.arnes.si\/files\/2026\/03\/Screenshot_20260316_063518_Gallery-1-.jpg 798w\" sizes=\"auto, (max-width: 439px) 100vw, 439px\" \/> <img loading=\"lazy\" decoding=\"async\" class=\"wp-image-33596 aligncenter\" src=\"https:\/\/solamiklavz.splet.arnes.si\/files\/2026\/03\/20260315_112333-138x300.jpg\" alt=\"\" width=\"282\" height=\"613\" srcset=\"https:\/\/solamiklavz.splet.arnes.si\/files\/2026\/03\/20260315_112333-138x300.jpg 138w, https:\/\/solamiklavz.splet.arnes.si\/files\/2026\/03\/20260315_112333.jpg 421w\" sizes=\"auto, (max-width: 282px) 100vw, 282px\" \/> <img loading=\"lazy\" decoding=\"async\" class=\"wp-image-33597 aligncenter\" src=\"https:\/\/solamiklavz.splet.arnes.si\/files\/2026\/03\/20260315_112400-138x300.jpg\" alt=\"\" width=\"280\" height=\"609\"> <img loading=\"lazy\" decoding=\"async\" class=\"wp-image-33598 aligncenter\" src=\"https:\/\/solamiklavz.splet.arnes.si\/files\/2026\/03\/20260314_113440.jpg\" alt=\"\" width=\"282\" height=\"612\"><\/p>\n","protected":false},"excerpt":{"rendered":"<p>V soboto, 14. 3. 2026 je u\u010denec \u017diga Ir\u0161i\u010d (6. d) tekmoval na regijskem tekmovanju v veleslalomu na Kopah in zasedel 3. mesto. Dan kasneje, v nedeljo, 15. 3. 2026 pa je na Kopah potekalo dr\u017eavno tekmovanje, kjer je \u017diga osvojil 1. mesto in si prismu\u010dal naslov dr\u017eavnega prvaka. \u017diga&#46;&#46;&#46;<\/p>\n","protected":false},"author":3621,"featured_media":0,"comment_status":"closed","ping_status":"open","sticky":false,"template":"","format":"standard","meta":{"ngg_post_thumbnail":0,"footnotes":"","_expiration-date-status":"","_expiration-date":0,"_expiration-date-type":"","_expiration-date-categories":[],"_expiration-date-options":[]},"categories":[76],"tags":[],"class_list":["post-33594","post","type-post","status-publish","format-standard","hentry","category-dosezki-ucencev-pri-izvensolskih-dejavnostih"],"_links":{"self":[{"href":"https:\/\/solamiklavz.splet.arnes.si\/index.php?rest_route=\/wp\/v2\/posts\/33594","targetHints":{"allow":["GET"]}}],"collection":[{"href":"https:\/\/solamiklavz.splet.arnes.si\/index.php?rest_route=\/wp\/v2\/posts"}],"about":[{"href":"https:\/\/solamiklavz.splet.arnes.si\/index.php?rest_route=\/wp\/v2\/types\/post"}],"author":[{"embeddable":true,"href":"https:\/\/solamiklavz.splet.arnes.si\/index.php?rest_route=\/wp\/v2\/users\/3621"}],"replies":[{"embeddable":true,"href":"https:\/\/solamiklavz.splet.arnes.si\/index.php?rest_route=%2Fwp%2Fv2%2Fcomments&post=33594"}],"version-history":[{"count":1,"href":"https:\/\/solamiklavz.splet.arnes.si\/index.php?rest_route=\/wp\/v2\/posts\/33594\/revisions"}],"predecessor-version":[{"id":33599,"href":"https:\/\/solamiklavz.splet.arnes.si\/index.php?rest_route=\/wp\/v2\/posts\/33594\/revisions\/33599"}],"wp:attachment":[{"href":"https:\/\/solamiklavz.splet.arnes.si\/index.php?rest_route=%2Fwp%2Fv2%2Fmedia&parent=33594"}],"wp:term":[{"taxonomy":"category","embeddable":true,"href":"https:\/\/solamiklavz.splet.arnes.si\/index.php?rest_route=%2Fwp%2Fv2%2Fcategories&post=33594"},{"taxonomy":"post_tag","embeddable":true,"href":"https:\/\/solamiklavz.splet.arnes.si\/index.php?rest_route=%2Fwp%2Fv2%2Ftags&post=33594"}],"curies":[{"name":"wp","href":"https:\/\/api.w.org\/{rel}","templated":true}]}}