{"id":33502,"date":"2026-03-06T12:18:20","date_gmt":"2026-03-06T11:18:20","guid":{"rendered":"https:\/\/solamiklavz.splet.arnes.si\/?p=33502"},"modified":"2026-03-06T12:18:20","modified_gmt":"2026-03-06T11:18:20","slug":"kulturni-dan-za-8-in-9-razred","status":"publish","type":"post","link":"https:\/\/solamiklavz.splet.arnes.si\/?p=33502","title":{"rendered":"Kulturni dan za 8. in 9. razred"},"content":{"rendered":"<p>V \u010detrtek, 12. 3. 2026, bo kulturni dan za u\u010dence 8. in 9. razredov. U\u010denci z dnem pri\u010dnejo ob 8.20, po malici pa si ogledajo predstavo Martin Krpan re\u0161i Dunaj v Mestnem gledali\u0161\u010du Ptuj. Kulturni dan traja do 13. ure.<\/p>\n<p>Denar za vstopnino, 7 evrov, u\u010denci prinesejo v \u0161olo, stro\u0161ki prevoza bodo obra\u010dunani na polo\u017enici za prehrano.<\/p>\n<p><img loading=\"lazy\" decoding=\"async\" class=\"alignnone size-medium wp-image-33503\" src=\"https:\/\/solamiklavz.splet.arnes.si\/files\/2026\/03\/Posnetek-zaslona-2026-03-06-114012-213x300.png\" alt=\"\" width=\"213\" height=\"300\" srcset=\"https:\/\/solamiklavz.splet.arnes.si\/files\/2026\/03\/Posnetek-zaslona-2026-03-06-114012-213x300.png 213w, https:\/\/solamiklavz.splet.arnes.si\/files\/2026\/03\/Posnetek-zaslona-2026-03-06-114012.png 583w\" sizes=\"auto, (max-width: 213px) 100vw, 213px\" \/><\/p>\n","protected":false},"excerpt":{"rendered":"<p>V \u010detrtek, 12. 3. 2026, bo kulturni dan za u\u010dence 8. in 9. razredov. U\u010denci z dnem pri\u010dnejo ob 8.20, po malici pa si ogledajo predstavo Martin Krpan re\u0161i Dunaj v Mestnem gledali\u0161\u010du Ptuj. Kulturni dan traja do 13. ure. Denar za vstopnino, 7 evrov, u\u010denci prinesejo v \u0161olo, stro\u0161ki&#46;&#46;&#46;<\/p>\n","protected":false},"author":100982,"featured_media":0,"comment_status":"closed","ping_status":"open","sticky":false,"template":"","format":"standard","meta":{"ngg_post_thumbnail":0,"footnotes":"","_expiration-date-status":"","_expiration-date":0,"_expiration-date-type":"","_expiration-date-categories":[],"_expiration-date-options":[]},"categories":[15],"tags":[],"class_list":["post-33502","post","type-post","status-publish","format-standard","hentry","category-obvestila-za-ucence-in-starse"],"_links":{"self":[{"href":"https:\/\/solamiklavz.splet.arnes.si\/index.php?rest_route=\/wp\/v2\/posts\/33502","targetHints":{"allow":["GET"]}}],"collection":[{"href":"https:\/\/solamiklavz.splet.arnes.si\/index.php?rest_route=\/wp\/v2\/posts"}],"about":[{"href":"https:\/\/solamiklavz.splet.arnes.si\/index.php?rest_route=\/wp\/v2\/types\/post"}],"author":[{"embeddable":true,"href":"https:\/\/solamiklavz.splet.arnes.si\/index.php?rest_route=\/wp\/v2\/users\/100982"}],"replies":[{"embeddable":true,"href":"https:\/\/solamiklavz.splet.arnes.si\/index.php?rest_route=%2Fwp%2Fv2%2Fcomments&post=33502"}],"version-history":[{"count":1,"href":"https:\/\/solamiklavz.splet.arnes.si\/index.php?rest_route=\/wp\/v2\/posts\/33502\/revisions"}],"predecessor-version":[{"id":33504,"href":"https:\/\/solamiklavz.splet.arnes.si\/index.php?rest_route=\/wp\/v2\/posts\/33502\/revisions\/33504"}],"wp:attachment":[{"href":"https:\/\/solamiklavz.splet.arnes.si\/index.php?rest_route=%2Fwp%2Fv2%2Fmedia&parent=33502"}],"wp:term":[{"taxonomy":"category","embeddable":true,"href":"https:\/\/solamiklavz.splet.arnes.si\/index.php?rest_route=%2Fwp%2Fv2%2Fcategories&post=33502"},{"taxonomy":"post_tag","embeddable":true,"href":"https:\/\/solamiklavz.splet.arnes.si\/index.php?rest_route=%2Fwp%2Fv2%2Ftags&post=33502"}],"curies":[{"name":"wp","href":"https:\/\/api.w.org\/{rel}","templated":true}]}}