{"id":32464,"date":"2025-11-15T16:06:12","date_gmt":"2025-11-15T15:06:12","guid":{"rendered":"https:\/\/solamiklavz.splet.arnes.si\/?p=32464"},"modified":"2025-11-21T10:36:12","modified_gmt":"2025-11-21T09:36:12","slug":"slovenski-tradicionalni-zajtrk-in-naravoslovni-dan-zdravo-zivljenje","status":"publish","type":"post","link":"https:\/\/solamiklavz.splet.arnes.si\/?p=32464","title":{"rendered":"SLOVENSKI TRADICIONALNI ZAJTRK IN NARAVOSLOVNI DAN &#8211; ZDRAVO \u017dIVLJENJE"},"content":{"rendered":"<p><strong><em><img loading=\"lazy\" decoding=\"async\" class=\"size-full wp-image-32471 alignright\" src=\"https:\/\/solamiklavz.splet.arnes.si\/files\/2025\/11\/tsz.jpg\" alt=\"\" width=\"174\" height=\"139\">TRADICIONALNI SLOVENSKI ZAJTRK<\/em><\/strong><\/p>\n<p>&nbsp;<\/p>\n<p>V tednu od 17. do 23. novembra 2025 obele\u017eujemo Teden slovenske hrane, katerega osrednji dogodek je Tradicionalni slovenski zajtrk, ki bo v petek, 21. novembra 2025.<\/p>\n<p>Glavni namen projekta je ozave\u0161\u010danje o:<\/p>\n<ul>\n<li>pomenu zajtrkovanja in u\u017eivanja, lokalno pridelane, zdrave in uravnote\u017eene hrane,<\/li>\n<li>pomenu kmetijstva, \u017eivilske industrije, \u010debelarstva in ohranjanja \u010distega okolja,<\/li>\n<li>postopkih pridelave in predelave hrane ter dejavnostih na kmetijskem podro\u010dju.<\/li>\n<\/ul>\n<p>Slogan leto\u0161njega Tradicionalnega slovenskega zajtrka se glasi:&nbsp;<strong>Moja izbira je slovenska hrana. <\/strong><\/p>\n<p>&nbsp;<\/p>\n<p><img loading=\"lazy\" decoding=\"async\" class=\"size-full wp-image-32472 alignleft\" src=\"https:\/\/solamiklavz.splet.arnes.si\/files\/2025\/11\/tsz-sestava.jpg\" alt=\"\" width=\"344\" height=\"126\" srcset=\"https:\/\/solamiklavz.splet.arnes.si\/files\/2025\/11\/tsz-sestava.jpg 344w, https:\/\/solamiklavz.splet.arnes.si\/files\/2025\/11\/tsz-sestava-300x110.jpg 300w\" sizes=\"auto, (max-width: 344px) 100vw, 344px\" \/>Letos bomo slovenski tradicionalni zajtrk v \u0161oli obele\u017eili tako, da bomo dan za\u010deli s skupnim zajtrkom z u\u010denci ob 8.30. Na jedilniku bodo kruh, bio maslo, med, mleko in jabolko \u2013 vse slovenskega izvora.&nbsp; Po zajtrku bomo nadaljevali z naravoslovnim dnem z naslovom Zdravo \u017eivljenje. Izvedene bodo razli\u010dne delavnice v katerih bodo u\u010denci poskrbeli za ohranitev zdravja, s podro\u010dja gibanja, ohranitve dobrih odnosov in zdrave prehrane.<\/p>\n<p>&nbsp;<\/p>\n<p>Ve\u010d o <strong>Tradicionalnem slovenskem zajtrku<\/strong> pa si lahko preberete na povezavi <a href=\"https:\/\/www.nasasuperhrana.si\/projekti\/tradicionalni-slovenski-zajtrk\/\">https:\/\/www.nasasuperhrana.si\/projekti\/tradicionalni-slovenski-zajtrk\/<\/a>.<\/p>\n<p>&nbsp;<\/p>\n<p style=\"text-align: right\">Organizatorke dneva:<\/p>\n<p style=\"text-align: right\">Marjetka Klep, Maja Lukovi\u0107, Leandra Mernik<\/p>\n<p>&nbsp;<\/p>\n<p>&nbsp;<\/p>\n<p>&nbsp;<\/p>\n","protected":false},"excerpt":{"rendered":"<p>TRADICIONALNI SLOVENSKI ZAJTRK &nbsp; V tednu od 17. do 23. novembra 2025 obele\u017eujemo Teden slovenske hrane, katerega osrednji dogodek je Tradicionalni slovenski zajtrk, ki bo v petek, 21. novembra 2025. Glavni namen projekta je ozave\u0161\u010danje o: pomenu zajtrkovanja in u\u017eivanja, lokalno pridelane, zdrave in uravnote\u017eene hrane, pomenu kmetijstva, \u017eivilske industrije,&#46;&#46;&#46;<\/p>\n","protected":false},"author":4984,"featured_media":32472,"comment_status":"closed","ping_status":"open","sticky":false,"template":"","format":"standard","meta":{"ngg_post_thumbnail":0,"footnotes":"","_expiration-date-status":"","_expiration-date":0,"_expiration-date-type":"","_expiration-date-categories":[],"_expiration-date-options":[]},"categories":[15],"tags":[],"class_list":["post-32464","post","type-post","status-publish","format-standard","has-post-thumbnail","hentry","category-obvestila-za-ucence-in-starse"],"_links":{"self":[{"href":"https:\/\/solamiklavz.splet.arnes.si\/index.php?rest_route=\/wp\/v2\/posts\/32464","targetHints":{"allow":["GET"]}}],"collection":[{"href":"https:\/\/solamiklavz.splet.arnes.si\/index.php?rest_route=\/wp\/v2\/posts"}],"about":[{"href":"https:\/\/solamiklavz.splet.arnes.si\/index.php?rest_route=\/wp\/v2\/types\/post"}],"author":[{"embeddable":true,"href":"https:\/\/solamiklavz.splet.arnes.si\/index.php?rest_route=\/wp\/v2\/users\/4984"}],"replies":[{"embeddable":true,"href":"https:\/\/solamiklavz.splet.arnes.si\/index.php?rest_route=%2Fwp%2Fv2%2Fcomments&post=32464"}],"version-history":[{"count":3,"href":"https:\/\/solamiklavz.splet.arnes.si\/index.php?rest_route=\/wp\/v2\/posts\/32464\/revisions"}],"predecessor-version":[{"id":32474,"href":"https:\/\/solamiklavz.splet.arnes.si\/index.php?rest_route=\/wp\/v2\/posts\/32464\/revisions\/32474"}],"wp:featuredmedia":[{"embeddable":true,"href":"https:\/\/solamiklavz.splet.arnes.si\/index.php?rest_route=\/wp\/v2\/media\/32472"}],"wp:attachment":[{"href":"https:\/\/solamiklavz.splet.arnes.si\/index.php?rest_route=%2Fwp%2Fv2%2Fmedia&parent=32464"}],"wp:term":[{"taxonomy":"category","embeddable":true,"href":"https:\/\/solamiklavz.splet.arnes.si\/index.php?rest_route=%2Fwp%2Fv2%2Fcategories&post=32464"},{"taxonomy":"post_tag","embeddable":true,"href":"https:\/\/solamiklavz.splet.arnes.si\/index.php?rest_route=%2Fwp%2Fv2%2Ftags&post=32464"}],"curies":[{"name":"wp","href":"https:\/\/api.w.org\/{rel}","templated":true}]}}