{"id":32353,"date":"2025-11-11T10:56:54","date_gmt":"2025-11-11T09:56:54","guid":{"rendered":"https:\/\/solamiklavz.splet.arnes.si\/?p=32353"},"modified":"2025-11-21T10:36:29","modified_gmt":"2025-11-21T09:36:29","slug":"vabilo-na-starsevski-vecer","status":"publish","type":"post","link":"https:\/\/solamiklavz.splet.arnes.si\/?p=32353","title":{"rendered":"VABILO NA STAR\u0160EVSKI VE\u010cER"},"content":{"rendered":"<p><img loading=\"lazy\" decoding=\"async\" class=\"alignright wp-image-32354 size-full\" src=\"https:\/\/solamiklavz.splet.arnes.si\/files\/2025\/11\/otroci-telefoni.jpg\" alt=\"otroci s telefoni\" width=\"352\" height=\"242\" srcset=\"https:\/\/solamiklavz.splet.arnes.si\/files\/2025\/11\/otroci-telefoni.jpg 352w, https:\/\/solamiklavz.splet.arnes.si\/files\/2025\/11\/otroci-telefoni-300x206.jpg 300w\" sizes=\"auto, (max-width: 352px) 100vw, 352px\" \/><\/p>\n<p style=\"text-align: left\"><strong>OTROK IN ZASLONI<\/strong><\/p>\n<p style=\"text-align: left\"><strong>Za zasloni ve\u010d ur na dan? Ni \u0161ala, to je na\u0161 vsakdan.<\/strong><\/p>\n<p>&nbsp;<\/p>\n<p>Spo\u0161tovani star\u0161i.<\/p>\n<p>Vabimo Vas, da se nam&nbsp; pridru\u017eite<strong> v<\/strong> <strong>\u010detrtek, 20. 11. 2025,<\/strong> ob <strong>17. uri<\/strong> na prvem star\u0161evskem ve\u010deru, ki bo v avli O\u0160 Miklav\u017e na Dravskem polju.<\/p>\n<p>Star\u0161evski ve\u010der&nbsp; bo &nbsp;vodila Ur\u0161ka Aram, mag. psihologije iz Svetovalnega centra za otroke, mladostnike in star\u0161e v Mariboru. Osvetlila nam bo aktualno temo uporabe zaslonov pri otrocih.<\/p>\n<p>Predstavljeni bodo &nbsp;rezultati anonimne ankete, v kateri so sodelovali u\u010denci na\u0161e \u0161ole in delili svoje navade pri uporabi zaslonov. Obravnavali bomo razli\u010dne oblike \u010dezmerne rabe zaslonov, prepoznavali znake te\u017eav, ki lahko nastanejo, ter raziskali dejavnike tveganja in varovalne dejavnike. Star\u0161evski ve\u010der bomo zaklju\u010dili s pogovorom o tem, kako se spoprijeti s prekomerno uporabo zaslonov in predlogi za bolj uravnote\u017een pristop v prihodnosti.<\/p>\n<p>Pogovor bo odprt tudi za va\u0161a vpra\u0161anja in vas vljudno vabimo, da se dogodka udele\u017eite.<\/p>\n<p style=\"text-align: right\">Ravnateljica in u\u010ditelji<\/p>\n<p style=\"text-align: right\">O\u0160 Miklav\u017e na Dravskem polju<\/p>\n","protected":false},"excerpt":{"rendered":"<p>OTROK IN ZASLONI Za zasloni ve\u010d ur na dan? Ni \u0161ala, to je na\u0161 vsakdan. &nbsp; Spo\u0161tovani star\u0161i. Vabimo Vas, da se nam&nbsp; pridru\u017eite v \u010detrtek, 20. 11. 2025, ob 17. uri na prvem star\u0161evskem ve\u010deru, ki bo v avli O\u0160 Miklav\u017e na Dravskem polju. Star\u0161evski ve\u010der&nbsp; bo &nbsp;vodila Ur\u0161ka&#46;&#46;&#46;<\/p>\n","protected":false},"author":2448,"featured_media":32354,"comment_status":"closed","ping_status":"open","sticky":false,"template":"","format":"standard","meta":{"ngg_post_thumbnail":0,"footnotes":"","_expiration-date-status":"","_expiration-date":0,"_expiration-date-type":"","_expiration-date-categories":[],"_expiration-date-options":[]},"categories":[15],"tags":[],"class_list":["post-32353","post","type-post","status-publish","format-standard","has-post-thumbnail","hentry","category-obvestila-za-ucence-in-starse"],"_links":{"self":[{"href":"https:\/\/solamiklavz.splet.arnes.si\/index.php?rest_route=\/wp\/v2\/posts\/32353","targetHints":{"allow":["GET"]}}],"collection":[{"href":"https:\/\/solamiklavz.splet.arnes.si\/index.php?rest_route=\/wp\/v2\/posts"}],"about":[{"href":"https:\/\/solamiklavz.splet.arnes.si\/index.php?rest_route=\/wp\/v2\/types\/post"}],"author":[{"embeddable":true,"href":"https:\/\/solamiklavz.splet.arnes.si\/index.php?rest_route=\/wp\/v2\/users\/2448"}],"replies":[{"embeddable":true,"href":"https:\/\/solamiklavz.splet.arnes.si\/index.php?rest_route=%2Fwp%2Fv2%2Fcomments&post=32353"}],"version-history":[{"count":1,"href":"https:\/\/solamiklavz.splet.arnes.si\/index.php?rest_route=\/wp\/v2\/posts\/32353\/revisions"}],"predecessor-version":[{"id":32355,"href":"https:\/\/solamiklavz.splet.arnes.si\/index.php?rest_route=\/wp\/v2\/posts\/32353\/revisions\/32355"}],"wp:featuredmedia":[{"embeddable":true,"href":"https:\/\/solamiklavz.splet.arnes.si\/index.php?rest_route=\/wp\/v2\/media\/32354"}],"wp:attachment":[{"href":"https:\/\/solamiklavz.splet.arnes.si\/index.php?rest_route=%2Fwp%2Fv2%2Fmedia&parent=32353"}],"wp:term":[{"taxonomy":"category","embeddable":true,"href":"https:\/\/solamiklavz.splet.arnes.si\/index.php?rest_route=%2Fwp%2Fv2%2Fcategories&post=32353"},{"taxonomy":"post_tag","embeddable":true,"href":"https:\/\/solamiklavz.splet.arnes.si\/index.php?rest_route=%2Fwp%2Fv2%2Ftags&post=32353"}],"curies":[{"name":"wp","href":"https:\/\/api.w.org\/{rel}","templated":true}]}}